{"id":26271,"date":"2020-07-15T19:55:46","date_gmt":"2020-07-15T22:55:46","guid":{"rendered":"http:\/\/inhapiemfoco.com\/news\/?p=26271"},"modified":"2020-07-15T19:55:48","modified_gmt":"2020-07-15T22:55:48","slug":"prf-prende-em-canapi-dois-homens-encontrados-com-cerca-de-50-quilos-de-maconha","status":"publish","type":"post","link":"https:\/\/inhapiemfoco.com\/news\/2020\/07\/15\/prf-prende-em-canapi-dois-homens-encontrados-com-cerca-de-50-quilos-de-maconha\/","title":{"rendered":"PRF prende em Canapi dois homens encontrados com cerca de 50 quilos de maconha"},"content":{"rendered":"\n<p>Cerca de cinquenta quilos de maconha foram apreendidos e dois homens foram presos pela Pol\u00edcia Rodovi\u00e1ria Federal (PRF), na madrugada de hoje (15), no Sert\u00e3o de Alagoas. As equipes policiais foram orientadas pelo Setor de Intelig\u00eancia do \u00f3rg\u00e3o.<\/p>\n\n\n\n<p>Era quase meia noite, quando policiais rodovi\u00e1rios federais fiscalizavam em frente \u00e0 Unidade Operacional (UOP) do Cari\u00e9 e abordaram um Fiat Uno, de cor preta, com dois ocupantes. Durante a abordagem, os PRFs perceberam que os indiv\u00edduos estavam bastante nervosos, dando informa\u00e7\u00f5es desconexas sobre de onde estariam vindo e o objetivo da viagem. Os policiais j\u00e1 tinham a informa\u00e7\u00e3o do Setor de Intelig\u00eancia do \u00f3rg\u00e3o de que possivelmente havia drogas naquele ve\u00edculo. Desconfiados, eles realizaram uma verifica\u00e7\u00e3o minuciosa, encontrando assim cerca de 50kg de subst\u00e2ncia an\u00e1loga \u00e0 maconha no porta malas do carro.<\/p>\n\n\n\n<p>Questionados, o passageiro confessou que era respons\u00e1vel pela droga e que receberia R$ 3 mil reais para fazer o seu transporte de Petrol\u00e2ndia\/PE \u00e0 Macei\u00f3\/AL. O sujeito j\u00e1 havia sido preso por roubo, furto, porte ilegal de armas e homic\u00eddio. Por n\u00e3o possuir Carteira Nacional de Habilita\u00e7\u00e3o (CNH), havia contratado o motorista \u2013 seu amigo \u2013 por R$ 1 mil para realizar a viagem.<\/p>\n\n\n\n<p>Diante dos fatos, foi dada voz de pris\u00e3o e os homens encaminhados \u2013 junto ao material apreendido \u2013 \u00e0 Delegacia de Pol\u00edcia Civil de Delmiro Gouveia\/AL para procedimentos cab\u00edveis. Eles dever\u00e3o responder por crime de tr\u00e1fico de drogas, como previsto no artigo 33 da Lei de Drogas.<\/p>\n\n\n\n<p>Por PRF<\/p>\n<div style=\"margin:10px 0 10px 0;\"><a href=\"whatsapp:\/\/send\" data-text=\"PRF prende em Canapi dois homens encontrados com cerca de 50 quilos de maconha\" data-href=\"\" class=\"wa_btn wa_btn_l\" style=\"display:none\">Share<\/a><\/div>","protected":false},"excerpt":{"rendered":"<p>Cerca de cinquenta quilos de maconha foram apreendidos e dois homens foram presos pela Pol\u00edcia Rodovi\u00e1ria Federal (PRF), na madrugada<\/p>\n","protected":false},"author":1,"featured_media":26272,"comment_status":"open","ping_status":"open","sticky":false,"template":"","format":"standard","meta":{"colormag_page_container_layout":"default_layout","colormag_page_sidebar_layout":"default_layout","footnotes":""},"categories":[5],"tags":[],"class_list":["post-26271","post","type-post","status-publish","format-standard","has-post-thumbnail","hentry","category-cidades"],"yoast_head":"<!-- This site is optimized with the Yoast SEO plugin v27.4 - https:\/\/yoast.com\/product\/yoast-seo-wordpress\/ -->\n<title>PRF prende em Canapi dois homens encontrados com cerca de 50 quilos de maconha - Inhapi em Foco<\/title>\n<meta name=\"robots\" content=\"index, follow, max-snippet:-1, max-image-preview:large, max-video-preview:-1\" \/>\n<link rel=\"canonical\" href=\"https:\/\/inhapiemfoco.com\/news\/2020\/07\/15\/prf-prende-em-canapi-dois-homens-encontrados-com-cerca-de-50-quilos-de-maconha\/\" \/>\n<meta property=\"og:locale\" content=\"pt_BR\" \/>\n<meta property=\"og:type\" content=\"article\" \/>\n<meta property=\"og:title\" content=\"PRF prende em Canapi dois homens encontrados com cerca de 50 quilos de maconha - Inhapi em Foco\" \/>\n<meta property=\"og:description\" content=\"Cerca de cinquenta quilos de maconha foram apreendidos e dois homens foram presos pela Pol\u00edcia Rodovi\u00e1ria Federal (PRF), na madrugada\" \/>\n<meta property=\"og:url\" content=\"https:\/\/inhapiemfoco.com\/news\/2020\/07\/15\/prf-prende-em-canapi-dois-homens-encontrados-com-cerca-de-50-quilos-de-maconha\/\" \/>\n<meta property=\"og:site_name\" content=\"Inhapi em Foco\" \/>\n<meta property=\"article:publisher\" content=\"https:\/\/www.facebook.com\/inhapiemfoco\" \/>\n<meta property=\"article:published_time\" content=\"2020-07-15T22:55:46+00:00\" \/>\n<meta property=\"article:modified_time\" content=\"2020-07-15T22:55:48+00:00\" \/>\n<meta property=\"og:image\" content=\"https:\/\/inhapiemfoco.com\/news\/wp-content\/uploads\/2020\/07\/thumbs-1-1.jpg\" \/>\n\t<meta property=\"og:image:width\" content=\"460\" \/>\n\t<meta property=\"og:image:height\" content=\"344\" \/>\n\t<meta property=\"og:image:type\" content=\"image\/jpeg\" \/>\n<meta name=\"author\" content=\"Inhapi em Foco\" \/>\n<meta name=\"twitter:card\" content=\"summary_large_image\" \/>\n<meta name=\"twitter:creator\" content=\"@inhapiemfoco\" \/>\n<meta name=\"twitter:site\" content=\"@inhapiemfoco\" \/>\n<meta name=\"twitter:label1\" content=\"Escrito por\" \/>\n\t<meta name=\"twitter:data1\" content=\"Inhapi em Foco\" \/>\n\t<meta name=\"twitter:label2\" content=\"Est. tempo de leitura\" \/>\n\t<meta name=\"twitter:data2\" content=\"1 minuto\" \/>\n<script type=\"application\/ld+json\" class=\"yoast-schema-graph\">{\"@context\":\"https:\\\/\\\/schema.org\",\"@graph\":[{\"@type\":\"Article\",\"@id\":\"https:\\\/\\\/inhapiemfoco.com\\\/news\\\/2020\\\/07\\\/15\\\/prf-prende-em-canapi-dois-homens-encontrados-com-cerca-de-50-quilos-de-maconha\\\/#article\",\"isPartOf\":{\"@id\":\"https:\\\/\\\/inhapiemfoco.com\\\/news\\\/2020\\\/07\\\/15\\\/prf-prende-em-canapi-dois-homens-encontrados-com-cerca-de-50-quilos-de-maconha\\\/\"},\"author\":{\"name\":\"Inhapi em Foco\",\"@id\":\"https:\\\/\\\/inhapiemfoco.com\\\/news\\\/#\\\/schema\\\/person\\\/db0c42c6ba945630f52503f3679d4f7e\"},\"headline\":\"PRF prende em Canapi dois homens encontrados com cerca de 50 quilos de maconha\",\"datePublished\":\"2020-07-15T22:55:46+00:00\",\"dateModified\":\"2020-07-15T22:55:48+00:00\",\"mainEntityOfPage\":{\"@id\":\"https:\\\/\\\/inhapiemfoco.com\\\/news\\\/2020\\\/07\\\/15\\\/prf-prende-em-canapi-dois-homens-encontrados-com-cerca-de-50-quilos-de-maconha\\\/\"},\"wordCount\":273,\"commentCount\":0,\"publisher\":{\"@id\":\"https:\\\/\\\/inhapiemfoco.com\\\/news\\\/#organization\"},\"image\":{\"@id\":\"https:\\\/\\\/inhapiemfoco.com\\\/news\\\/2020\\\/07\\\/15\\\/prf-prende-em-canapi-dois-homens-encontrados-com-cerca-de-50-quilos-de-maconha\\\/#primaryimage\"},\"thumbnailUrl\":\"https:\\\/\\\/inhapiemfoco.com\\\/news\\\/wp-content\\\/uploads\\\/2020\\\/07\\\/thumbs-1-1.jpg\",\"articleSection\":[\"Cidades\"],\"inLanguage\":\"pt-BR\",\"potentialAction\":[{\"@type\":\"CommentAction\",\"name\":\"Comment\",\"target\":[\"https:\\\/\\\/inhapiemfoco.com\\\/news\\\/2020\\\/07\\\/15\\\/prf-prende-em-canapi-dois-homens-encontrados-com-cerca-de-50-quilos-de-maconha\\\/#respond\"]}]},{\"@type\":\"WebPage\",\"@id\":\"https:\\\/\\\/inhapiemfoco.com\\\/news\\\/2020\\\/07\\\/15\\\/prf-prende-em-canapi-dois-homens-encontrados-com-cerca-de-50-quilos-de-maconha\\\/\",\"url\":\"https:\\\/\\\/inhapiemfoco.com\\\/news\\\/2020\\\/07\\\/15\\\/prf-prende-em-canapi-dois-homens-encontrados-com-cerca-de-50-quilos-de-maconha\\\/\",\"name\":\"PRF prende em Canapi dois homens encontrados com cerca de 50 quilos de maconha - Inhapi em Foco\",\"isPartOf\":{\"@id\":\"https:\\\/\\\/inhapiemfoco.com\\\/news\\\/#website\"},\"primaryImageOfPage\":{\"@id\":\"https:\\\/\\\/inhapiemfoco.com\\\/news\\\/2020\\\/07\\\/15\\\/prf-prende-em-canapi-dois-homens-encontrados-com-cerca-de-50-quilos-de-maconha\\\/#primaryimage\"},\"image\":{\"@id\":\"https:\\\/\\\/inhapiemfoco.com\\\/news\\\/2020\\\/07\\\/15\\\/prf-prende-em-canapi-dois-homens-encontrados-com-cerca-de-50-quilos-de-maconha\\\/#primaryimage\"},\"thumbnailUrl\":\"https:\\\/\\\/inhapiemfoco.com\\\/news\\\/wp-content\\\/uploads\\\/2020\\\/07\\\/thumbs-1-1.jpg\",\"datePublished\":\"2020-07-15T22:55:46+00:00\",\"dateModified\":\"2020-07-15T22:55:48+00:00\",\"breadcrumb\":{\"@id\":\"https:\\\/\\\/inhapiemfoco.com\\\/news\\\/2020\\\/07\\\/15\\\/prf-prende-em-canapi-dois-homens-encontrados-com-cerca-de-50-quilos-de-maconha\\\/#breadcrumb\"},\"inLanguage\":\"pt-BR\",\"potentialAction\":[{\"@type\":\"ReadAction\",\"target\":[\"https:\\\/\\\/inhapiemfoco.com\\\/news\\\/2020\\\/07\\\/15\\\/prf-prende-em-canapi-dois-homens-encontrados-com-cerca-de-50-quilos-de-maconha\\\/\"]}]},{\"@type\":\"ImageObject\",\"inLanguage\":\"pt-BR\",\"@id\":\"https:\\\/\\\/inhapiemfoco.com\\\/news\\\/2020\\\/07\\\/15\\\/prf-prende-em-canapi-dois-homens-encontrados-com-cerca-de-50-quilos-de-maconha\\\/#primaryimage\",\"url\":\"https:\\\/\\\/inhapiemfoco.com\\\/news\\\/wp-content\\\/uploads\\\/2020\\\/07\\\/thumbs-1-1.jpg\",\"contentUrl\":\"https:\\\/\\\/inhapiemfoco.com\\\/news\\\/wp-content\\\/uploads\\\/2020\\\/07\\\/thumbs-1-1.jpg\",\"width\":460,\"height\":344},{\"@type\":\"BreadcrumbList\",\"@id\":\"https:\\\/\\\/inhapiemfoco.com\\\/news\\\/2020\\\/07\\\/15\\\/prf-prende-em-canapi-dois-homens-encontrados-com-cerca-de-50-quilos-de-maconha\\\/#breadcrumb\",\"itemListElement\":[{\"@type\":\"ListItem\",\"position\":1,\"name\":\"In\u00edcio\",\"item\":\"https:\\\/\\\/inhapiemfoco.com\\\/news\\\/\"},{\"@type\":\"ListItem\",\"position\":2,\"name\":\"PRF prende em Canapi dois homens encontrados com cerca de 50 quilos de maconha\"}]},{\"@type\":\"WebSite\",\"@id\":\"https:\\\/\\\/inhapiemfoco.com\\\/news\\\/#website\",\"url\":\"https:\\\/\\\/inhapiemfoco.com\\\/news\\\/\",\"name\":\"Inhapi em Foco\",\"description\":\"Portal de Noticias e Entretenimento do Sert\u00e3o de Alagoas: Inhapi, Mata Grande, Canapi, Delmiro Gouveia, Santana do Ipanema, \u00c1gua Branca, Pariconha.\",\"publisher\":{\"@id\":\"https:\\\/\\\/inhapiemfoco.com\\\/news\\\/#organization\"},\"potentialAction\":[{\"@type\":\"SearchAction\",\"target\":{\"@type\":\"EntryPoint\",\"urlTemplate\":\"https:\\\/\\\/inhapiemfoco.com\\\/news\\\/?s={search_term_string}\"},\"query-input\":{\"@type\":\"PropertyValueSpecification\",\"valueRequired\":true,\"valueName\":\"search_term_string\"}}],\"inLanguage\":\"pt-BR\"},{\"@type\":\"Organization\",\"@id\":\"https:\\\/\\\/inhapiemfoco.com\\\/news\\\/#organization\",\"name\":\"Inhapi em Foco\",\"url\":\"https:\\\/\\\/inhapiemfoco.com\\\/news\\\/\",\"logo\":{\"@type\":\"ImageObject\",\"inLanguage\":\"pt-BR\",\"@id\":\"https:\\\/\\\/inhapiemfoco.com\\\/news\\\/#\\\/schema\\\/logo\\\/image\\\/\",\"url\":\"https:\\\/\\\/inhapiemfoco.com\\\/news\\\/wp-content\\\/uploads\\\/2020\\\/05\\\/INHAPI-EM-FOCO-LOGO.png\",\"contentUrl\":\"https:\\\/\\\/inhapiemfoco.com\\\/news\\\/wp-content\\\/uploads\\\/2020\\\/05\\\/INHAPI-EM-FOCO-LOGO.png\",\"width\":1080,\"height\":1080,\"caption\":\"Inhapi em Foco\"},\"image\":{\"@id\":\"https:\\\/\\\/inhapiemfoco.com\\\/news\\\/#\\\/schema\\\/logo\\\/image\\\/\"},\"sameAs\":[\"https:\\\/\\\/www.facebook.com\\\/inhapiemfoco\",\"https:\\\/\\\/x.com\\\/inhapiemfoco\",\"https:\\\/\\\/www.instagram.com\\\/inhapiemfoco\\\/\",\"https:\\\/\\\/www.youtube.com\\\/channel\\\/UCrMwPX1btarrT9AIOvkY-Nw\"]},{\"@type\":\"Person\",\"@id\":\"https:\\\/\\\/inhapiemfoco.com\\\/news\\\/#\\\/schema\\\/person\\\/db0c42c6ba945630f52503f3679d4f7e\",\"name\":\"Inhapi em Foco\",\"image\":{\"@type\":\"ImageObject\",\"inLanguage\":\"pt-BR\",\"@id\":\"https:\\\/\\\/secure.gravatar.com\\\/avatar\\\/9518ef7ba4c01440180968511aa9ad52a5b1ab7b391ba48c2534ec2d6bdea91b?s=96&d=blank&r=g\",\"url\":\"https:\\\/\\\/secure.gravatar.com\\\/avatar\\\/9518ef7ba4c01440180968511aa9ad52a5b1ab7b391ba48c2534ec2d6bdea91b?s=96&d=blank&r=g\",\"contentUrl\":\"https:\\\/\\\/secure.gravatar.com\\\/avatar\\\/9518ef7ba4c01440180968511aa9ad52a5b1ab7b391ba48c2534ec2d6bdea91b?s=96&d=blank&r=g\",\"caption\":\"Inhapi em Foco\"},\"sameAs\":[\"http:\\\/\\\/inhapiemfoco.com\\\/news\"]}]}<\/script>\n<!-- \/ Yoast SEO plugin. -->","yoast_head_json":{"title":"PRF prende em Canapi dois homens encontrados com cerca de 50 quilos de maconha - Inhapi em Foco","robots":{"index":"index","follow":"follow","max-snippet":"max-snippet:-1","max-image-preview":"max-image-preview:large","max-video-preview":"max-video-preview:-1"},"canonical":"https:\/\/inhapiemfoco.com\/news\/2020\/07\/15\/prf-prende-em-canapi-dois-homens-encontrados-com-cerca-de-50-quilos-de-maconha\/","og_locale":"pt_BR","og_type":"article","og_title":"PRF prende em Canapi dois homens encontrados com cerca de 50 quilos de maconha - Inhapi em Foco","og_description":"Cerca de cinquenta quilos de maconha foram apreendidos e dois homens foram presos pela Pol\u00edcia Rodovi\u00e1ria Federal (PRF), na madrugada","og_url":"https:\/\/inhapiemfoco.com\/news\/2020\/07\/15\/prf-prende-em-canapi-dois-homens-encontrados-com-cerca-de-50-quilos-de-maconha\/","og_site_name":"Inhapi em Foco","article_publisher":"https:\/\/www.facebook.com\/inhapiemfoco","article_published_time":"2020-07-15T22:55:46+00:00","article_modified_time":"2020-07-15T22:55:48+00:00","og_image":[{"width":460,"height":344,"url":"https:\/\/inhapiemfoco.com\/news\/wp-content\/uploads\/2020\/07\/thumbs-1-1.jpg","type":"image\/jpeg"}],"author":"Inhapi em Foco","twitter_card":"summary_large_image","twitter_creator":"@inhapiemfoco","twitter_site":"@inhapiemfoco","twitter_misc":{"Escrito por":"Inhapi em Foco","Est. tempo de leitura":"1 minuto"},"schema":{"@context":"https:\/\/schema.org","@graph":[{"@type":"Article","@id":"https:\/\/inhapiemfoco.com\/news\/2020\/07\/15\/prf-prende-em-canapi-dois-homens-encontrados-com-cerca-de-50-quilos-de-maconha\/#article","isPartOf":{"@id":"https:\/\/inhapiemfoco.com\/news\/2020\/07\/15\/prf-prende-em-canapi-dois-homens-encontrados-com-cerca-de-50-quilos-de-maconha\/"},"author":{"name":"Inhapi em Foco","@id":"https:\/\/inhapiemfoco.com\/news\/#\/schema\/person\/db0c42c6ba945630f52503f3679d4f7e"},"headline":"PRF prende em Canapi dois homens encontrados com cerca de 50 quilos de maconha","datePublished":"2020-07-15T22:55:46+00:00","dateModified":"2020-07-15T22:55:48+00:00","mainEntityOfPage":{"@id":"https:\/\/inhapiemfoco.com\/news\/2020\/07\/15\/prf-prende-em-canapi-dois-homens-encontrados-com-cerca-de-50-quilos-de-maconha\/"},"wordCount":273,"commentCount":0,"publisher":{"@id":"https:\/\/inhapiemfoco.com\/news\/#organization"},"image":{"@id":"https:\/\/inhapiemfoco.com\/news\/2020\/07\/15\/prf-prende-em-canapi-dois-homens-encontrados-com-cerca-de-50-quilos-de-maconha\/#primaryimage"},"thumbnailUrl":"https:\/\/inhapiemfoco.com\/news\/wp-content\/uploads\/2020\/07\/thumbs-1-1.jpg","articleSection":["Cidades"],"inLanguage":"pt-BR","potentialAction":[{"@type":"CommentAction","name":"Comment","target":["https:\/\/inhapiemfoco.com\/news\/2020\/07\/15\/prf-prende-em-canapi-dois-homens-encontrados-com-cerca-de-50-quilos-de-maconha\/#respond"]}]},{"@type":"WebPage","@id":"https:\/\/inhapiemfoco.com\/news\/2020\/07\/15\/prf-prende-em-canapi-dois-homens-encontrados-com-cerca-de-50-quilos-de-maconha\/","url":"https:\/\/inhapiemfoco.com\/news\/2020\/07\/15\/prf-prende-em-canapi-dois-homens-encontrados-com-cerca-de-50-quilos-de-maconha\/","name":"PRF prende em Canapi dois homens encontrados com cerca de 50 quilos de maconha - Inhapi em Foco","isPartOf":{"@id":"https:\/\/inhapiemfoco.com\/news\/#website"},"primaryImageOfPage":{"@id":"https:\/\/inhapiemfoco.com\/news\/2020\/07\/15\/prf-prende-em-canapi-dois-homens-encontrados-com-cerca-de-50-quilos-de-maconha\/#primaryimage"},"image":{"@id":"https:\/\/inhapiemfoco.com\/news\/2020\/07\/15\/prf-prende-em-canapi-dois-homens-encontrados-com-cerca-de-50-quilos-de-maconha\/#primaryimage"},"thumbnailUrl":"https:\/\/inhapiemfoco.com\/news\/wp-content\/uploads\/2020\/07\/thumbs-1-1.jpg","datePublished":"2020-07-15T22:55:46+00:00","dateModified":"2020-07-15T22:55:48+00:00","breadcrumb":{"@id":"https:\/\/inhapiemfoco.com\/news\/2020\/07\/15\/prf-prende-em-canapi-dois-homens-encontrados-com-cerca-de-50-quilos-de-maconha\/#breadcrumb"},"inLanguage":"pt-BR","potentialAction":[{"@type":"ReadAction","target":["https:\/\/inhapiemfoco.com\/news\/2020\/07\/15\/prf-prende-em-canapi-dois-homens-encontrados-com-cerca-de-50-quilos-de-maconha\/"]}]},{"@type":"ImageObject","inLanguage":"pt-BR","@id":"https:\/\/inhapiemfoco.com\/news\/2020\/07\/15\/prf-prende-em-canapi-dois-homens-encontrados-com-cerca-de-50-quilos-de-maconha\/#primaryimage","url":"https:\/\/inhapiemfoco.com\/news\/wp-content\/uploads\/2020\/07\/thumbs-1-1.jpg","contentUrl":"https:\/\/inhapiemfoco.com\/news\/wp-content\/uploads\/2020\/07\/thumbs-1-1.jpg","width":460,"height":344},{"@type":"BreadcrumbList","@id":"https:\/\/inhapiemfoco.com\/news\/2020\/07\/15\/prf-prende-em-canapi-dois-homens-encontrados-com-cerca-de-50-quilos-de-maconha\/#breadcrumb","itemListElement":[{"@type":"ListItem","position":1,"name":"In\u00edcio","item":"https:\/\/inhapiemfoco.com\/news\/"},{"@type":"ListItem","position":2,"name":"PRF prende em Canapi dois homens encontrados com cerca de 50 quilos de maconha"}]},{"@type":"WebSite","@id":"https:\/\/inhapiemfoco.com\/news\/#website","url":"https:\/\/inhapiemfoco.com\/news\/","name":"Inhapi em Foco","description":"Portal de Noticias e Entretenimento do Sert\u00e3o de Alagoas: Inhapi, Mata Grande, Canapi, Delmiro Gouveia, Santana do Ipanema, \u00c1gua Branca, Pariconha.","publisher":{"@id":"https:\/\/inhapiemfoco.com\/news\/#organization"},"potentialAction":[{"@type":"SearchAction","target":{"@type":"EntryPoint","urlTemplate":"https:\/\/inhapiemfoco.com\/news\/?s={search_term_string}"},"query-input":{"@type":"PropertyValueSpecification","valueRequired":true,"valueName":"search_term_string"}}],"inLanguage":"pt-BR"},{"@type":"Organization","@id":"https:\/\/inhapiemfoco.com\/news\/#organization","name":"Inhapi em Foco","url":"https:\/\/inhapiemfoco.com\/news\/","logo":{"@type":"ImageObject","inLanguage":"pt-BR","@id":"https:\/\/inhapiemfoco.com\/news\/#\/schema\/logo\/image\/","url":"https:\/\/inhapiemfoco.com\/news\/wp-content\/uploads\/2020\/05\/INHAPI-EM-FOCO-LOGO.png","contentUrl":"https:\/\/inhapiemfoco.com\/news\/wp-content\/uploads\/2020\/05\/INHAPI-EM-FOCO-LOGO.png","width":1080,"height":1080,"caption":"Inhapi em Foco"},"image":{"@id":"https:\/\/inhapiemfoco.com\/news\/#\/schema\/logo\/image\/"},"sameAs":["https:\/\/www.facebook.com\/inhapiemfoco","https:\/\/x.com\/inhapiemfoco","https:\/\/www.instagram.com\/inhapiemfoco\/","https:\/\/www.youtube.com\/channel\/UCrMwPX1btarrT9AIOvkY-Nw"]},{"@type":"Person","@id":"https:\/\/inhapiemfoco.com\/news\/#\/schema\/person\/db0c42c6ba945630f52503f3679d4f7e","name":"Inhapi em Foco","image":{"@type":"ImageObject","inLanguage":"pt-BR","@id":"https:\/\/secure.gravatar.com\/avatar\/9518ef7ba4c01440180968511aa9ad52a5b1ab7b391ba48c2534ec2d6bdea91b?s=96&d=blank&r=g","url":"https:\/\/secure.gravatar.com\/avatar\/9518ef7ba4c01440180968511aa9ad52a5b1ab7b391ba48c2534ec2d6bdea91b?s=96&d=blank&r=g","contentUrl":"https:\/\/secure.gravatar.com\/avatar\/9518ef7ba4c01440180968511aa9ad52a5b1ab7b391ba48c2534ec2d6bdea91b?s=96&d=blank&r=g","caption":"Inhapi em Foco"},"sameAs":["http:\/\/inhapiemfoco.com\/news"]}]}},"_links":{"self":[{"href":"https:\/\/inhapiemfoco.com\/news\/wp-json\/wp\/v2\/posts\/26271","targetHints":{"allow":["GET"]}}],"collection":[{"href":"https:\/\/inhapiemfoco.com\/news\/wp-json\/wp\/v2\/posts"}],"about":[{"href":"https:\/\/inhapiemfoco.com\/news\/wp-json\/wp\/v2\/types\/post"}],"author":[{"embeddable":true,"href":"https:\/\/inhapiemfoco.com\/news\/wp-json\/wp\/v2\/users\/1"}],"replies":[{"embeddable":true,"href":"https:\/\/inhapiemfoco.com\/news\/wp-json\/wp\/v2\/comments?post=26271"}],"version-history":[{"count":1,"href":"https:\/\/inhapiemfoco.com\/news\/wp-json\/wp\/v2\/posts\/26271\/revisions"}],"predecessor-version":[{"id":26273,"href":"https:\/\/inhapiemfoco.com\/news\/wp-json\/wp\/v2\/posts\/26271\/revisions\/26273"}],"wp:featuredmedia":[{"embeddable":true,"href":"https:\/\/inhapiemfoco.com\/news\/wp-json\/wp\/v2\/media\/26272"}],"wp:attachment":[{"href":"https:\/\/inhapiemfoco.com\/news\/wp-json\/wp\/v2\/media?parent=26271"}],"wp:term":[{"taxonomy":"category","embeddable":true,"href":"https:\/\/inhapiemfoco.com\/news\/wp-json\/wp\/v2\/categories?post=26271"},{"taxonomy":"post_tag","embeddable":true,"href":"https:\/\/inhapiemfoco.com\/news\/wp-json\/wp\/v2\/tags?post=26271"}],"curies":[{"name":"wp","href":"https:\/\/api.w.org\/{rel}","templated":true}]}}